{"id":1227,"date":"2024-09-09T12:22:07","date_gmt":"2024-09-09T10:22:07","guid":{"rendered":"https:\/\/www.asinoe-gmbh.at\/?p=1227"},"modified":"2024-09-09T12:26:47","modified_gmt":"2024-09-09T10:26:47","slug":"grabung-krems-pfarrplatz","status":"publish","type":"post","link":"https:\/\/www.asinoe-gmbh.at\/?p=1227","title":{"rendered":"Grabung Krems, Pfarrplatz"},"content":{"rendered":"\n<figure class=\"wp-block-image size-large\"><img loading=\"lazy\" decoding=\"async\" width=\"768\" height=\"1024\" src=\"https:\/\/www.asinoe-gmbh.at\/wp-content\/uploads\/2024\/09\/IMG-20240903-WA0000-768x1024.jpg\" alt=\"\" class=\"wp-image-1228\" srcset=\"https:\/\/www.asinoe-gmbh.at\/wp-content\/uploads\/2024\/09\/IMG-20240903-WA0000-768x1024.jpg 768w, https:\/\/www.asinoe-gmbh.at\/wp-content\/uploads\/2024\/09\/IMG-20240903-WA0000-225x300.jpg 225w, https:\/\/www.asinoe-gmbh.at\/wp-content\/uploads\/2024\/09\/IMG-20240903-WA0000.jpg 900w\" sizes=\"auto, (max-width: 768px) 100vw, 768px\" \/><\/figure>\n\n\n\n<p><\/p>\n\n\n\n<p>Seit Herbst 2023 hat die ASINOE Gmbh etliche Infrastrukturma\u00dfnahmen in der Stadtgemeinde Krems arch\u00e4ologisch begleitet. Die Verlegung einer Fernw\u00e4rmeleitung durch die EVN am Kremser Pfarrplatz hat eine Grabung ausgel\u00f6st, bei welcher der westliche Bereich des sog. St. Veiter Friedhofes angeschnitten wurde. Der Friedhof um die Pfarkirche St. Veit wurde im 13. Jahrhundert erstmals schriftlich erw\u00e4hnt und war durchgehend bis in das 18. Jahrhundert belegt. <\/p>\n\n\n\n<p>Dabei werden Sterbelalter, Geschlecht und Krankheitsbilder aufgenommen. Durch die Grabung ergibt sich nun die seltene Gelegenheit, R\u00fcckschl\u00fcsse auf eine ver\u00e4nderte Ern\u00e4hrungsweise und das Konsumverhalten der Menschen vom Mittelalter bis in die Neuzeit zu erforschen.<br>Ferner wurden auch noch \u00e4ltere, siedlungsarch\u00e4ologisch relevante Befunde aufgedeckt: unter dem Friedhof fanden sich Siedlungsspuren aus dem Hochmittelalter (10.-13. Jahrhundert), wie Reste eines Ofens und eines Grubenhauses. Es zeigte sich also, dass der heutige Pfarrplatz bereits vor der Errichtung der Pfarrkirche Siedlungsgebiet genutzt wurde.<\/p>\n\n\n\n<div class=\"alignnormal\"><div id=\"metaslider-id-1235\" style=\"width: 100%; margin: 0 auto;\" class=\"ml-slider-3-94-0 metaslider metaslider-flex metaslider-1235 ml-slider ms-theme-default\" role=\"region\" aria-roledescription=\"Slideshow\" aria-label=\"Pfarrplatz\">\n    <div id=\"metaslider_container_1235\">\n        <div id=\"metaslider_1235\" class=\"flexslider\">\n            <ul class='slides'>\n                <li style=\"display: block; width: 100%;\" class=\"slide-1236 ms-image \" aria-roledescription=\"slide\" aria-label=\"slide-1236\"><img loading=\"lazy\" decoding=\"async\" src=\"https:\/\/www.asinoe-gmbh.at\/wp-content\/uploads\/2024\/09\/IMG-20240903-WA0002.jpg\" height=\"600\" width=\"1200\" alt=\"\" class=\"slider-1235 slide-1236\" title=\"IMG-20240903-WA0002\" \/><\/li>\n                <li style=\"display: none; width: 100%;\" class=\"slide-1237 ms-image \" aria-roledescription=\"slide\" aria-label=\"slide-1237\"><img loading=\"lazy\" decoding=\"async\" src=\"https:\/\/www.asinoe-gmbh.at\/wp-content\/uploads\/2024\/09\/IMG-20240822-WA0010.jpg\" height=\"600\" width=\"1200\" alt=\"\" class=\"slider-1235 slide-1237\" title=\"IMG-20240822-WA0010\" \/><\/li>\n                <li style=\"display: none; width: 100%;\" class=\"slide-1238 ms-image \" aria-roledescription=\"slide\" aria-label=\"slide-1238\"><img loading=\"lazy\" decoding=\"async\" src=\"https:\/\/www.asinoe-gmbh.at\/wp-content\/uploads\/2024\/09\/DSC_0234.jpg\" height=\"600\" width=\"1200\" alt=\"\" class=\"slider-1235 slide-1238\" title=\"DSC_0234\" \/><\/li>\n                <li style=\"display: none; width: 100%;\" class=\"slide-1239 ms-image \" aria-roledescription=\"slide\" aria-label=\"slide-1239\"><img loading=\"lazy\" decoding=\"async\" src=\"https:\/\/www.asinoe-gmbh.at\/wp-content\/uploads\/2024\/09\/DSC_0011.jpg\" height=\"600\" width=\"1200\" alt=\"\" class=\"slider-1235 slide-1239\" title=\"DSC_0011\" \/><\/li>\n                <li style=\"display: none; width: 100%;\" class=\"slide-1240 ms-image \" aria-roledescription=\"slide\" aria-label=\"slide-1240\"><img loading=\"lazy\" decoding=\"async\" src=\"https:\/\/www.asinoe-gmbh.at\/wp-content\/uploads\/2024\/09\/20240624_150600.jpg\" height=\"600\" width=\"1200\" alt=\"\" class=\"slider-1235 slide-1240\" title=\"20240624_150600\" \/><\/li>\n            <\/ul>\n        <\/div>\n        \n    <\/div>\n<\/div><\/div>\n","protected":false},"excerpt":{"rendered":"<p>Seit Herbst 2023 hat die ASINOE Gmbh etliche Infrastrukturma\u00dfnahmen in der Stadtgemeinde Krems arch\u00e4ologisch begleitet. Die Verlegung einer Fernw\u00e4rmeleitung durch die EVN am Kremser Pfarrplatz hat eine Grabung ausgel\u00f6st, bei welcher der westliche Bereich des sog. St. Veiter Friedhofes angeschnitten wurde. Der Friedhof um die Pfarkirche St. Veit wurde im 13. Jahrhundert erstmals schriftlich erw\u00e4hnt [&hellip;]<\/p>\n","protected":false},"author":2,"featured_media":1232,"comment_status":"open","ping_status":"open","sticky":false,"template":"","format":"standard","meta":{"footnotes":""},"categories":[1],"tags":[],"class_list":["post-1227","post","type-post","status-publish","format-standard","has-post-thumbnail","hentry","category-allgemein"],"aioseo_notices":[],"_links":{"self":[{"href":"https:\/\/www.asinoe-gmbh.at\/index.php?rest_route=\/wp\/v2\/posts\/1227","targetHints":{"allow":["GET"]}}],"collection":[{"href":"https:\/\/www.asinoe-gmbh.at\/index.php?rest_route=\/wp\/v2\/posts"}],"about":[{"href":"https:\/\/www.asinoe-gmbh.at\/index.php?rest_route=\/wp\/v2\/types\/post"}],"author":[{"embeddable":true,"href":"https:\/\/www.asinoe-gmbh.at\/index.php?rest_route=\/wp\/v2\/users\/2"}],"replies":[{"embeddable":true,"href":"https:\/\/www.asinoe-gmbh.at\/index.php?rest_route=%2Fwp%2Fv2%2Fcomments&post=1227"}],"version-history":[{"count":2,"href":"https:\/\/www.asinoe-gmbh.at\/index.php?rest_route=\/wp\/v2\/posts\/1227\/revisions"}],"predecessor-version":[{"id":1241,"href":"https:\/\/www.asinoe-gmbh.at\/index.php?rest_route=\/wp\/v2\/posts\/1227\/revisions\/1241"}],"wp:featuredmedia":[{"embeddable":true,"href":"https:\/\/www.asinoe-gmbh.at\/index.php?rest_route=\/wp\/v2\/media\/1232"}],"wp:attachment":[{"href":"https:\/\/www.asinoe-gmbh.at\/index.php?rest_route=%2Fwp%2Fv2%2Fmedia&parent=1227"}],"wp:term":[{"taxonomy":"category","embeddable":true,"href":"https:\/\/www.asinoe-gmbh.at\/index.php?rest_route=%2Fwp%2Fv2%2Fcategories&post=1227"},{"taxonomy":"post_tag","embeddable":true,"href":"https:\/\/www.asinoe-gmbh.at\/index.php?rest_route=%2Fwp%2Fv2%2Ftags&post=1227"}],"curies":[{"name":"wp","href":"https:\/\/api.w.org\/{rel}","templated":true}]}}